{"id":145,"date":"2016-06-29T11:28:35","date_gmt":"2016-06-29T10:28:35","guid":{"rendered":"http:\/\/www.sovilec.com\/Actualite\/?p=145"},"modified":"2019-04-30T17:34:29","modified_gmt":"2019-04-30T16:34:29","slug":"signaletique-dynamique","status":"publish","type":"post","link":"https:\/\/www.sovilec.com\/Actualite\/signaletique-dynamique\/","title":{"rendered":"Signal\u00e9tique dynamique"},"content":{"rendered":"<h2 style=\"text-align: justify;\">Pour une diffusion de vos contenus multim\u00e9dia<\/h2>\n<p><img loading=\"lazy\" decoding=\"async\" class=\" wp-image-321 aligncenter\" src=\"https:\/\/enseigneslumineuses.files.wordpress.com\/2016\/06\/signaletique-dynamique01.jpg\" alt=\"signal\u00e9tique interactive\" width=\"442\" height=\"845\" \/><\/p>\n<p style=\"text-align: justify;\">Au niveau europ\u00e9en, la <strong>signal\u00e9tique dynamique<\/strong> est un march\u00e9 en plein essor o\u00f9 la France se place en 3<sup>\u00e8me<\/sup> position dans l\u2019utilisation de ces nouvelles technologies. Constituant une performance remarquable, l\u2019augmentation des recettes dans le domaine de l\u2019<strong>affichage digital<\/strong> a \u00e9t\u00e9 r\u00e9alis\u00e9e au profit de celle des m\u00e9dias dans leur ensemble.<\/p>\n<p style=\"text-align: justify;\">L\u2019avenir de l\u2019<strong>affichage num\u00e9rique<\/strong> sur le march\u00e9 est prometteur, pourquoi un tel optimisme sur la croissance de ce secteur dans les prochaines ann\u00e9es ?<\/p>\n<p style=\"text-align: justify;\"><img loading=\"lazy\" decoding=\"async\" class=\"alignnone size-full wp-image-324\" src=\"https:\/\/enseigneslumineuses.files.wordpress.com\/2016\/06\/signaletique-dynamique02.jpg\" alt=\"signal\u00e9tique dynamique Vinci\" width=\"1280\" height=\"956\" \/><\/p>\n<p style=\"text-align: justify;\">Facile d\u2019utilisation et particuli\u00e8rement \u00e9volutive, la <strong>signal\u00e9tique dynamique<\/strong> est un mode de communication accessible \u00e0 toutes les soci\u00e9t\u00e9s. En plus de la possibilit\u00e9 d\u2019actualiser en temps r\u00e9el le contenu \u00e0 diffuser, ce m\u00e9dia se caract\u00e9rise par son interactivit\u00e9 et son attractivit\u00e9 permettant d\u2019attirer l\u2019attention du visiteur et de l\u2019informer sur un <strong>affichage anim\u00e9<\/strong>. On peut donc dire que s\u2019il suscite un tel engouement des entreprises utilisatrices c\u2019est parce qu\u2019il est plus percutant que les supports traditionnels d\u2019affichage comme par exemple la plaquette commerciale ou l\u2019affiche publicitaire.<\/p>\n<p style=\"text-align: justify;\"><img loading=\"lazy\" decoding=\"async\" class=\"alignnone size-full wp-image-327\" src=\"https:\/\/enseigneslumineuses.files.wordpress.com\/2016\/06\/signaletique-dynamique03.jpg\" alt=\"signaletique dynamique multimedia\" width=\"800\" height=\"600\" \/><\/p>\n<p style=\"text-align: justify;\">Ces nouvelles perspectives pour la communication des entreprises et des points de vente sont prometteuses. Diffuser des informations promotionnelles ou corporate par affichage dynamique devient un jeu d\u2019enfant !<\/p>\n<p style=\"text-align: justify;\">En savoir plus sur nos produits de signal\u00e9tique : <a href=\"https:\/\/www.sovilec.com\/Actualite\/contact-enseignes-lumineuses\/\">contactez-nous.<\/a>!<\/p>\n","protected":false},"excerpt":{"rendered":"<p>Pour une diffusion de vos contenus multim\u00e9dia Au niveau europ\u00e9en, la signal\u00e9tique dynamique est un march\u00e9 en plein essor o\u00f9 la France se place en 3\u00e8me position dans l\u2019utilisation de ces nouvelles technologies. Constituant une performance remarquable, l\u2019augmentation des recettes dans le domaine de l\u2019affichage&#8230;<\/p>\n","protected":false},"author":1,"featured_media":354,"comment_status":"open","ping_status":"open","sticky":false,"template":"","format":"standard","meta":{"jetpack_post_was_ever_published":false,"_jetpack_newsletter_access":"","_jetpack_dont_email_post_to_subs":false,"_jetpack_newsletter_tier_id":0,"_jetpack_memberships_contains_paywalled_content":false,"_jetpack_memberships_contains_paid_content":false,"footnotes":"","jetpack_publicize_message":"","jetpack_publicize_feature_enabled":true,"jetpack_social_post_already_shared":false,"jetpack_social_options":{"image_generator_settings":{"template":"highway","default_image_id":0,"font":"","enabled":false},"version":2}},"categories":[23,3],"tags":[],"class_list":["post-145","post","type-post","status-publish","format-standard","has-post-thumbnail","hentry","category-actualites","category-signaletique"],"aioseo_notices":[],"jetpack_publicize_connections":[],"jetpack_featured_media_url":"https:\/\/www.sovilec.com\/Actualite\/wp-content\/uploads\/2017\/02\/panneau-led-eclairage-indiret-samsung.jpg","jetpack_sharing_enabled":true,"jetpack_shortlink":"https:\/\/wp.me\/paXkFv-2l","_links":{"self":[{"href":"https:\/\/www.sovilec.com\/Actualite\/wp-json\/wp\/v2\/posts\/145","targetHints":{"allow":["GET"]}}],"collection":[{"href":"https:\/\/www.sovilec.com\/Actualite\/wp-json\/wp\/v2\/posts"}],"about":[{"href":"https:\/\/www.sovilec.com\/Actualite\/wp-json\/wp\/v2\/types\/post"}],"author":[{"embeddable":true,"href":"https:\/\/www.sovilec.com\/Actualite\/wp-json\/wp\/v2\/users\/1"}],"replies":[{"embeddable":true,"href":"https:\/\/www.sovilec.com\/Actualite\/wp-json\/wp\/v2\/comments?post=145"}],"version-history":[{"count":7,"href":"https:\/\/www.sovilec.com\/Actualite\/wp-json\/wp\/v2\/posts\/145\/revisions"}],"predecessor-version":[{"id":208,"href":"https:\/\/www.sovilec.com\/Actualite\/wp-json\/wp\/v2\/posts\/145\/revisions\/208"}],"wp:featuredmedia":[{"embeddable":true,"href":"https:\/\/www.sovilec.com\/Actualite\/wp-json\/wp\/v2\/media\/354"}],"wp:attachment":[{"href":"https:\/\/www.sovilec.com\/Actualite\/wp-json\/wp\/v2\/media?parent=145"}],"wp:term":[{"taxonomy":"category","embeddable":true,"href":"https:\/\/www.sovilec.com\/Actualite\/wp-json\/wp\/v2\/categories?post=145"},{"taxonomy":"post_tag","embeddable":true,"href":"https:\/\/www.sovilec.com\/Actualite\/wp-json\/wp\/v2\/tags?post=145"}],"curies":[{"name":"wp","href":"https:\/\/api.w.org\/{rel}","templated":true}]}}