{"id":635,"date":"2019-12-16T12:22:06","date_gmt":"2019-12-16T11:22:06","guid":{"rendered":"https:\/\/www.sovilec.com\/Actualite\/?p=635"},"modified":"2020-01-03T14:23:16","modified_gmt":"2020-01-03T13:23:16","slug":"des-enseignes-de-bon-gout","status":"publish","type":"post","link":"https:\/\/www.sovilec.com\/Actualite\/des-enseignes-de-bon-gout\/","title":{"rendered":"Des enseignes de bon go\u00fbt !"},"content":{"rendered":"<p>[vc_row css_animation=\u00a0\u00bb\u00a0\u00bb row_type=\u00a0\u00bbrow\u00a0\u00bb use_row_as_full_screen_section=\u00a0\u00bbno\u00a0\u00bb type=\u00a0\u00bbfull_width\u00a0\u00bb angled_section=\u00a0\u00bbno\u00a0\u00bb text_align=\u00a0\u00bbleft\u00a0\u00bb background_image_as_pattern=\u00a0\u00bbwithout_pattern\u00a0\u00bb css=\u00a0\u00bb.vc_custom_1576494857939{margin-top: 2% !important;}\u00a0\u00bb z_index=\u00a0\u00bb\u00a0\u00bb][vc_column][vc_column_text]<\/p>\n<h2><span style=\"color: #000000;\">Entre <strong>Sovilec<\/strong> et les <strong>m&eacute;tiers de bouche<\/strong>, c&rsquo;est une histoire de savoir-faire depuis de nombreuses ann&eacute;es. <\/span><\/h2>\n<h2>Premi&egrave;re entreprise de France, l&rsquo;artisanat regroupe entre autres, les m&eacute;tiers de la restauration pour lesquels Sovilec con&ccedil;oit les enseignes depuis presque 60 ans : <em>Maison Malartre<\/em>, <em>&Eacute;ric Kayser Boulanger<\/em>, <em>Bouillet Chocolatier<\/em>, <em>L&rsquo;Ostal cuisine volcanique<\/em> ou encore <em>Biscotte Bon Pain &amp; Cie<\/em> nous ont d&eacute;j&agrave; accord&eacute; leur confiance pour la r&eacute;alisation de leurs enseignes. Les prestigieuses <a href=\"..\/les-halles-du-grand-hotel-dieu\/\" target=\"_blank\" rel=\"noopener noreferrer\"><em><span style=\"color: #738ca2;\">Halles du Grand H&ocirc;tel Dieu<\/span><\/em><\/a> ont &eacute;galement fait appel &agrave; Sovilec pour la cr&eacute;ation des enseignes int&eacute;rieures et de la signal&eacute;tique du site.<\/h2>\n<p>[\/vc_column_text][vc_row_inner row_type=\u00a0\u00bbrow\u00a0\u00bb type=\u00a0\u00bbfull_width\u00a0\u00bb text_align=\u00a0\u00bbleft\u00a0\u00bb css_animation=\u00a0\u00bb\u00a0\u00bb css=\u00a0\u00bb.vc_custom_1556804178160{margin-bottom: 2% !important;}\u00a0\u00bb][vc_column_inner width=\u00a0\u00bb1\/2&Prime;][vc_single_image image=\u00a0\u00bb642&Prime; img_size=\u00a0\u00bbfull\u00a0\u00bb alignment=\u00a0\u00bbcenter\u00a0\u00bb qode_css_animation=\u00a0\u00bb\u00a0\u00bb css=\u00a0\u00bb.vc_custom_1576494346318{margin-top: 2% !important;margin-bottom: 2% !important;}\u00a0\u00bb][\/vc_column_inner][vc_column_inner width=\u00a0\u00bb1\/2&Prime;][vc_single_image image=\u00a0\u00bb643&Prime; img_size=\u00a0\u00bbfull\u00a0\u00bb alignment=\u00a0\u00bbcenter\u00a0\u00bb qode_css_animation=\u00a0\u00bb\u00a0\u00bb css=\u00a0\u00bb.vc_custom_1576494458071{margin-top: 2% !important;margin-bottom: 2% !important;}\u00a0\u00bb][\/vc_column_inner][\/vc_row_inner][vc_column_text css=\u00a0\u00bb.vc_custom_1576494821174{margin-top: 2% !important;margin-bottom: 2% !important;}\u00a0\u00bb]Parmi nos r\u00e9centes r\u00e9alisations, <strong><span style=\"color: #738ca2;\"><a style=\"color: #738ca2;\" href=\"https:\/\/www.bernachon.com\/\" target=\"_blank\" rel=\"noopener noreferrer\"><em>Bernachon<\/em><\/a><\/span><\/strong>, grand maison lyonnaise a ouvert en Octobre dernier une nouvelle boutique \u00e0 Paris dans le 6\u00e8me arrondissement. 30 m2 de plaisirs gustatifs et gourmands mis en sc\u00e8ne par l&rsquo;architecte <span style=\"color: #738ca2;\"><a style=\"color: #738ca2;\" href=\"http:\/\/www.richardbagur.com\/fr\/agence\" target=\"_blank\" rel=\"noopener noreferrer\"><em><strong>Richard Bagur<\/strong><\/em><\/a><\/span> dans lesquels Sovilec a r\u00e9alis\u00e9 et install\u00e9 une <strong>map-monde r\u00e9tro-\u00e9clair\u00e9e<\/strong> ainsi que des <strong>caissons lumineux<\/strong> aux illustrations singuli\u00e8res et raffin\u00e9es. Une <strong>enseigne lumineuse en lettre Diamond<\/strong> a \u00e9t\u00e9 pos\u00e9e en fa\u00e7ade ainsi qu&rsquo;un caisson double face reprenant les couleurs du c\u00e9l\u00e8bre ma\u00eetre chocolatier.[\/vc_column_text][\/vc_column][\/vc_row][vc_row css_animation=\u00a0\u00bb\u00a0\u00bb row_type=\u00a0\u00bbrow\u00a0\u00bb use_row_as_full_screen_section=\u00a0\u00bbno\u00a0\u00bb type=\u00a0\u00bbfull_width\u00a0\u00bb angled_section=\u00a0\u00bbno\u00a0\u00bb text_align=\u00a0\u00bbleft\u00a0\u00bb background_image_as_pattern=\u00a0\u00bbwithout_pattern\u00a0\u00bb z_index=\u00a0\u00bb\u00a0\u00bb][vc_column][vc_single_image image=\u00a0\u00bb645&Prime; img_size=\u00a0\u00bbfull\u00a0\u00bb alignment=\u00a0\u00bbcenter\u00a0\u00bb qode_css_animation=\u00a0\u00bb\u00a0\u00bb css=\u00a0\u00bb.vc_custom_1576494660948{margin-top: 2% !important;margin-bottom: 2% !important;}\u00a0\u00bb][vc_column_text css=\u00a0\u00bb.vc_custom_1576494825884{margin-top: 2% !important;margin-bottom: 2% !important;}\u00a0\u00bb]\u00c0 moins de vingt minutes \u00e0 pied de l\u00e0, d\u00e9couvrez <a href=\"https:\/\/www.artisancrepier.com\/\" target=\"_blank\" rel=\"noopener noreferrer\"><strong><span style=\"color: #738ca2;\"><em>L&rsquo;Atelier<\/em><\/span><\/strong><\/a>, un artisan cr\u00eapier nouvelle g\u00e9n\u00e9ration qui a su rajeunir l&rsquo;image un peu d\u00e9su\u00e8te de la cr\u00eaperie de quartier. Pour leur nouveau restaurant situ\u00e9 rue Mabillon, Sovilec a fabriqu\u00e9 et pos\u00e9 une <strong>enseigne lumineuse<\/strong> \u00e0 la face opaque et aux chants blancs diffusants. Un <strong>silouhettage<\/strong> du restaurant a \u00e9galement \u00e9t\u00e9 r\u00e9alis\u00e9 gr\u00e2ce \u00e0 un profil\u00e9 \u00e0 LED extra fin aspect n\u00e9on, renfor\u00e7ant ainsi la convivialit\u00e9 de ce lieu d\u00e9di\u00e9 \u00e0 la galette.[\/vc_column_text][vc_single_image image=\u00a0\u00bb646&Prime; img_size=\u00a0\u00bbfull\u00a0\u00bb alignment=\u00a0\u00bbcenter\u00a0\u00bb qode_css_animation=\u00a0\u00bb\u00a0\u00bb css=\u00a0\u00bb.vc_custom_1576494792358{margin-top: 2% !important;margin-bottom: 2% !important;}\u00a0\u00bb][vc_column_text css=\u00a0\u00bb.vc_custom_1576494830674{margin-top: 2% !important;margin-bottom: 2% !important;}\u00a0\u00bb]\u00c0 l&rsquo;int\u00e9rieur, c&rsquo;est un cadre trendy et chaleureux qui s&rsquo;offre \u00e0 vous, compos\u00e9 notamment d&rsquo;une <strong>enseigne lumineuse en n\u00e9on blanc<\/strong> r\u00e9alis\u00e9e enti\u00e8rement \u00e0 la main par notre <strong>souffleur de verre<\/strong>, v\u00e9ritable savoir-faire ancestral chez Sovilec..[\/vc_column_text][vc_single_image image=\u00a0\u00bb647&Prime; img_size=\u00a0\u00bbfull\u00a0\u00bb alignment=\u00a0\u00bbcenter\u00a0\u00bb qode_css_animation=\u00a0\u00bb\u00a0\u00bb css=\u00a0\u00bb.vc_custom_1576494741509{margin-top: 2% !important;margin-bottom: 2% !important;}\u00a0\u00bb][\/vc_column][\/vc_row][vc_row css_animation=\u00a0\u00bb\u00a0\u00bb row_type=\u00a0\u00bbrow\u00a0\u00bb use_row_as_full_screen_section=\u00a0\u00bbno\u00a0\u00bb type=\u00a0\u00bbfull_width\u00a0\u00bb angled_section=\u00a0\u00bbno\u00a0\u00bb text_align=\u00a0\u00bbleft\u00a0\u00bb background_image_as_pattern=\u00a0\u00bbwithout_pattern\u00a0\u00bb css=\u00a0\u00bb.vc_custom_1576494846048{margin-bottom: 2% !important;}\u00a0\u00bb z_index=\u00a0\u00bb\u00a0\u00bb][vc_column][vc_column_text css=\u00a0\u00bb.vc_custom_1576494836007{margin-top: 2% !important;margin-bottom: 2% !important;}\u00a0\u00bb]En r\u00e9gion Rh\u00f4ne-Alpes, la <a href=\"https:\/\/boulangeriechezjules.fr\/chez-jules-beynost-sest-refaite-une-beaute\/\" target=\"_blank\" rel=\"noopener noreferrer\"><span style=\"color: #738ca2;\"><em><strong>Boulangerie Chez Jules<\/strong><\/em><\/span><\/a> de Beynost a fait peau neuve cet \u00e9t\u00e9 : remise en peinture de toutes les fa\u00e7ades et bardages, changement du store surplombant l&rsquo;entr\u00e9e, pose d&rsquo;un caisson ovo\u00efde lumineux d&rsquo;environ 2m de hauteur accompagn\u00e9 d&rsquo;une enseigne mont\u00e9e sur lisse peigne.[\/vc_column_text][vc_single_image image=\u00a0\u00bb640&Prime; img_size=\u00a0\u00bbfull\u00a0\u00bb alignment=\u00a0\u00bbcenter\u00a0\u00bb qode_css_animation=\u00a0\u00bb\u00a0\u00bb css=\u00a0\u00bb.vc_custom_1576494488058{margin-top: 2% !important;margin-bottom: 2% !important;}\u00a0\u00bb][vc_column_text css=\u00a0\u00bb.vc_custom_1576494841523{margin-top: 2% !important;margin-bottom: 2% !important;}\u00a0\u00bb]Des enseignes secondaires, avec <strong>impression num\u00e9rique<\/strong> sur film adh\u00e9sif longue dur\u00e9e, compl\u00e8tent le projet et renforcent v\u00e9ritablement la pr\u00e9sence de la boulangerie sur le site, devenant ainsi des <span style=\"color: #738ca2;\"><a style=\"color: #738ca2;\" href=\"https:\/\/www.sovilec.com\/facades-communicantes-toutes-realisations\" target=\"_blank\" rel=\"noopener noreferrer\"><em><strong>fa\u00e7ades communicantes<\/strong><\/em><\/a><\/span>.[\/vc_column_text][vc_single_image image=\u00a0\u00bb641&Prime; img_size=\u00a0\u00bbfull\u00a0\u00bb alignment=\u00a0\u00bbcenter\u00a0\u00bb qode_css_animation=\u00a0\u00bb\u00a0\u00bb css=\u00a0\u00bb.vc_custom_1576494473698{margin-top: 2% !important;margin-bottom: 2% !important;}\u00a0\u00bb][\/vc_column][\/vc_row][vc_row css_animation=\u00a0\u00bb\u00a0\u00bb row_type=\u00a0\u00bbrow\u00a0\u00bb use_row_as_full_screen_section=\u00a0\u00bbno\u00a0\u00bb type=\u00a0\u00bbfull_width\u00a0\u00bb angled_section=\u00a0\u00bbno\u00a0\u00bb text_align=\u00a0\u00bbcenter\u00a0\u00bb background_image_as_pattern=\u00a0\u00bbwithout_pattern\u00a0\u00bb css=\u00a0\u00bb.vc_custom_1556804277048{margin-bottom: 2% !important;}\u00a0\u00bb z_index=\u00a0\u00bb\u00a0\u00bb][vc_column width=\u00a0\u00bb1\/4&Prime;][\/vc_column][vc_column width=\u00a0\u00bb1\/2&Prime;]<a  itemprop=\"url\" href=\"https:\/\/www.sovilec.com\/nos-realisations.html\" target=\"_blank\" data-hover-border-color=#ffffff data-hover-color=#ffffff class=\"qbutton  large center default\" style=\"color: #ffffff; border-color: #ffffff; \">Voir nos r\u00e9alisations<\/a>[\/vc_column][vc_column width=\u00a0\u00bb1\/4&Prime;][\/vc_column][\/vc_row][vc_row css_animation=\u00a0\u00bb\u00a0\u00bb row_type=\u00a0\u00bbrow\u00a0\u00bb use_row_as_full_screen_section=\u00a0\u00bbno\u00a0\u00bb type=\u00a0\u00bbfull_width\u00a0\u00bb angled_section=\u00a0\u00bbno\u00a0\u00bb text_align=\u00a0\u00bbcenter\u00a0\u00bb background_image_as_pattern=\u00a0\u00bbwithout_pattern\u00a0\u00bb css=\u00a0\u00bb.vc_custom_1556804284707{margin-bottom: 2% !important;}\u00a0\u00bb z_index=\u00a0\u00bb\u00a0\u00bb][vc_column width=\u00a0\u00bb1\/4&Prime;][\/vc_column][vc_column width=\u00a0\u00bb1\/2&Prime;]<a  itemprop=\"url\" href=\"https:\/\/www.sovilec.com\/Actualite\/contact-enseignes-lumineuses\/\" target=\"_blank\" data-hover-border-color=#ffffff data-hover-color=#ffffff class=\"qbutton  large center default\" style=\"color: #ffffff; border-color: #ffffff; \">Un projet ? Prenez contact !<\/a>[\/vc_column][vc_column width=\u00a0\u00bb1\/4&Prime;][\/vc_column][\/vc_row][vc_row css_animation=\u00a0\u00bb\u00a0\u00bb row_type=\u00a0\u00bbrow\u00a0\u00bb use_row_as_full_screen_section=\u00a0\u00bbno\u00a0\u00bb type=\u00a0\u00bbfull_width\u00a0\u00bb angled_section=\u00a0\u00bbno\u00a0\u00bb text_align=\u00a0\u00bbleft\u00a0\u00bb background_image_as_pattern=\u00a0\u00bbwithout_pattern\u00a0\u00bb][vc_column][vc_separator type=\u00a0\u00bbnormal\u00a0\u00bb color=\u00a0\u00bb#002b54&Prime; thickness=\u00a0\u00bb1px\u00a0\u00bb][vc_column_text css=\u00a0\u00bb.vc_custom_1556804859686{margin-bottom: 2% !important;}\u00a0\u00bb]<\/p>\n<p style=\"text-align: center;\"><strong>\u00c0 D\u00c9COUVRIR \u00c9GALEMENT :\u00a0<\/strong><\/p>\n<p>[\/vc_column_text]\n<div class='latest_post_holder boxes two_columns one_row' >\n    <ul>\n    \n        <li class=\"clearfix\">\n            <div class=\"boxes_image\">\n                <a itemprop=\"url\" href=\"https:\/\/www.sovilec.com\/Actualite\/des-resultats-2020-en-hausse-pour-les-enseignes-de-l-alimentaire-bio\/\"><img loading=\"lazy\" decoding=\"async\" width=\"539\" height=\"303\" src=\"https:\/\/www.sovilec.com\/Actualite\/wp-content\/uploads\/2021\/06\/magasins-specialises-bio-local-responsable-ethique-enseignes-couv-2021-539x303.jpg\" class=\"attachment-latest_post_boxes size-latest_post_boxes wp-post-image\" alt=\"Enseignes r\u00e9alis\u00e9es pour les leaders des magasins sp\u00e9cialis\u00e9s en bio, local, consommation responsable, \u00e9thique\" \/><\/a>\n            <\/div>\n            <div class=\"latest_post\"  >\n                <div class=\"latest_post_text\">\n                    <div class=\"latest_post_inner\">\n                        <div class=\"latest_post_text_inner\">\n                            <h3 itemprop=\"name\" class=\"latest_post_title entry_title\"><a itemprop=\"url\" href=\"https:\/\/www.sovilec.com\/Actualite\/des-resultats-2020-en-hausse-pour-les-enseignes-de-l-alimentaire-bio\/\">Des r\u00e9sultats 2020 en hausse pour les enseignes de l\u2019alimentaire BIO<\/a><\/h3>\n                            <p class=\"excerpt\">[vc_row css_animation=\u00a0\u00bb\u00a0\u00bb row_type=\u00a0\u00bbrow\u00a0\u00bb use_row_as_full_screen_section=\u00a0\u00bbno\u00a0\u00bb type=\u00a0\u00bbfull_width\u00a0\u00bb angled_section=\u00a0\u00bbno\u00a0\u00bb text_align=\u00a0\u00bbleft\u00a0\u00bb background_image_as_pattern=\u00a0\u00bbwithout_pattern\u00a0\u00bb][vc_column][vc_column_text] Gr\u00e2ce \u00e0 l\u2019engouement des consommateurs Fran\u00e7ais pour le bio, les enseignes aujourd\u2019hui se transforment pour proposer une offre encore plus adapt\u00e9e aux nouvelles valeurs du consommateur. Avec le d\u00e9veloppement du vrac, du bio, des produits locaux, de......<\/p>\n                            <span class=\"post_infos\">\n                                                                    <span class=\"date_hour_holder\">\n                                        <span itemprop=\"dateCreated\" class=\"date entry_date updated\">27 mai, 2021 <meta itemprop=\"interactionCount\" content=\"UserComments: 0\"\/><\/span>\n                                    <\/span>\n                                                                                                \n                                \n                                                            <\/span>\n                        <\/div>\n                    <\/div>\n                <\/div>\n            <\/div>\n        <\/li>\n    \n        <li class=\"clearfix\">\n            <div class=\"boxes_image\">\n                <a itemprop=\"url\" href=\"https:\/\/www.sovilec.com\/Actualite\/glowee-vers-une-lumiere-biologique-dans-les-enseignes\/\"><img loading=\"lazy\" decoding=\"async\" width=\"539\" height=\"303\" src=\"https:\/\/www.sovilec.com\/Actualite\/wp-content\/uploads\/2021\/02\/glowee-lumiere-bioluminescente-enseignes-couv-1-539x303.jpg\" class=\"attachment-latest_post_boxes size-latest_post_boxes wp-post-image\" alt=\"Glowee, c&#039;est la mer qui nous \u00e9claire\" \/><\/a>\n            <\/div>\n            <div class=\"latest_post\"  >\n                <div class=\"latest_post_text\">\n                    <div class=\"latest_post_inner\">\n                        <div class=\"latest_post_text_inner\">\n                            <h3 itemprop=\"name\" class=\"latest_post_title entry_title\"><a itemprop=\"url\" href=\"https:\/\/www.sovilec.com\/Actualite\/glowee-vers-une-lumiere-biologique-dans-les-enseignes\/\">GLOWEE, vers une lumi\u00e8re biologique dans les enseignes<\/a><\/h3>\n                            <p class=\"excerpt\">[vc_row css_animation=\u00a0\u00bb\u00a0\u00bb row_type=\u00a0\u00bbrow\u00a0\u00bb use_row_as_full_screen_section=\u00a0\u00bbno\u00a0\u00bb type=\u00a0\u00bbfull_width\u00a0\u00bb angled_section=\u00a0\u00bbno\u00a0\u00bb text_align=\u00a0\u00bbleft\u00a0\u00bb background_image_as_pattern=\u00a0\u00bbwithout_pattern\u00a0\u00bb][vc_column][vc_column_text] N\u00e9e d\u2019un concours \u00e9tudiant, GLOWEE est devenue, en l\u2019espace de 5 ann\u00e9es, une start-up incontournable dans la cr\u00e9ation et l\u2019utilisation de lumi\u00e8re bioluminescente. Un projet ambitieux et prometteur port\u00e9 par sa fondatrice Sandra REY. Selon l\u2019article paru......<\/p>\n                            <span class=\"post_infos\">\n                                                                    <span class=\"date_hour_holder\">\n                                        <span itemprop=\"dateCreated\" class=\"date entry_date updated\">25 f\u00e9vrier, 2021 <meta itemprop=\"interactionCount\" content=\"UserComments: 0\"\/><\/span>\n                                    <\/span>\n                                                                                                \n                                \n                                                            <\/span>\n                        <\/div>\n                    <\/div>\n                <\/div>\n            <\/div>\n        <\/li>\n        <\/ul>\n<\/div>[\/vc_column][\/vc_row]<\/p>\n","protected":false},"excerpt":{"rendered":"<p>Entre Sovilec et les m\u00e9tiers de bouche, c\u2019est une histoire de savoir-faire depuis de nombreuses ann\u00e9es. <\/p>\n","protected":false},"author":1,"featured_media":642,"comment_status":"open","ping_status":"open","sticky":false,"template":"","format":"standard","meta":{"jetpack_post_was_ever_published":false,"_jetpack_newsletter_access":"","_jetpack_dont_email_post_to_subs":false,"_jetpack_newsletter_tier_id":0,"_jetpack_memberships_contains_paywalled_content":false,"_jetpack_memberships_contains_paid_content":false,"footnotes":"","jetpack_publicize_message":"","jetpack_publicize_feature_enabled":true,"jetpack_social_post_already_shared":true,"jetpack_social_options":{"image_generator_settings":{"template":"highway","default_image_id":0,"font":"","enabled":false},"version":2}},"categories":[23,2,1,3],"tags":[],"class_list":["post-635","post","type-post","status-publish","format-standard","has-post-thumbnail","hentry","category-actualites","category-enseignes-lumineuses","category-facades-communicantes","category-signaletique"],"aioseo_notices":[],"jetpack_publicize_connections":[],"jetpack_featured_media_url":"https:\/\/www.sovilec.com\/Actualite\/wp-content\/uploads\/2019\/12\/sovilec-metiers-de-bouche-boitier-lumineux-bernachon-chocolatier-paris.jpg","jetpack_sharing_enabled":true,"jetpack_shortlink":"https:\/\/wp.me\/paXkFv-af","_links":{"self":[{"href":"https:\/\/www.sovilec.com\/Actualite\/wp-json\/wp\/v2\/posts\/635","targetHints":{"allow":["GET"]}}],"collection":[{"href":"https:\/\/www.sovilec.com\/Actualite\/wp-json\/wp\/v2\/posts"}],"about":[{"href":"https:\/\/www.sovilec.com\/Actualite\/wp-json\/wp\/v2\/types\/post"}],"author":[{"embeddable":true,"href":"https:\/\/www.sovilec.com\/Actualite\/wp-json\/wp\/v2\/users\/1"}],"replies":[{"embeddable":true,"href":"https:\/\/www.sovilec.com\/Actualite\/wp-json\/wp\/v2\/comments?post=635"}],"version-history":[{"count":9,"href":"https:\/\/www.sovilec.com\/Actualite\/wp-json\/wp\/v2\/posts\/635\/revisions"}],"predecessor-version":[{"id":657,"href":"https:\/\/www.sovilec.com\/Actualite\/wp-json\/wp\/v2\/posts\/635\/revisions\/657"}],"wp:featuredmedia":[{"embeddable":true,"href":"https:\/\/www.sovilec.com\/Actualite\/wp-json\/wp\/v2\/media\/642"}],"wp:attachment":[{"href":"https:\/\/www.sovilec.com\/Actualite\/wp-json\/wp\/v2\/media?parent=635"}],"wp:term":[{"taxonomy":"category","embeddable":true,"href":"https:\/\/www.sovilec.com\/Actualite\/wp-json\/wp\/v2\/categories?post=635"},{"taxonomy":"post_tag","embeddable":true,"href":"https:\/\/www.sovilec.com\/Actualite\/wp-json\/wp\/v2\/tags?post=635"}],"curies":[{"name":"wp","href":"https:\/\/api.w.org\/{rel}","templated":true}]}}